{"id":36631,"date":"2022-07-28T12:20:35","date_gmt":"2022-07-28T12:20:35","guid":{"rendered":"https:\/\/www.repricer.com\/blog\/amazon-belgien-der-21-amazon-marktplatz\/"},"modified":"2025-03-03T16:48:35","modified_gmt":"2025-03-03T16:48:35","slug":"amazon-belgien-der-21-amazon-marktplatz","status":"publish","type":"post","link":"https:\/\/www.repricer.com\/de\/blog\/amazon-belgien-der-21-amazon-marktplatz\/","title":{"rendered":"Amazon Belgien &#8211; Der 21. Amazon-Marktplatz"},"content":{"rendered":"\n<p>Amazon hat soeben Pl\u00e4ne angek\u00fcndigt, seine virtuellen T\u00fcren in Belgien mit einem eigenen Marktplatz, Amazon.com.be, zu \u00f6ffnen. Offenbar gab es Probleme, die Adresse Amazon.be zu erhalten, die seit Jahren von einer belgischen Versicherungsgesellschaft belegt ist. Nichtsdestotrotz ist Amazon.com.be jetzt da und wird bald f\u00fcr den belgischen Markt bereit sein.  <\/p>\n\n<h2 class=\"wp-block-heading\" id=\"h-when-will-this-happen\">Wann wird dies geschehen?<\/h2>\n\n<p>Offiziell hat <a href=\"https:\/\/www.aboutamazon.eu\/news\/job-creation-and-investment\/amazon-announces-plans-to-launch-amazon-com-be-in-the-coming-months\" target=\"_blank\" rel=\"noreferrer noopener\">Amazon<\/a> erkl\u00e4rt, dass Amazon Belgien in den n\u00e4chsten Monaten an den Start gehen wird. Durchgesickerte Dokumente, die <a href=\"https:\/\/www.businessinsider.com\/amazon-to-expand-into-5-countries-by-early-next-year-2022-6?international=true&amp;r=US&amp;IR=T\" target=\"_blank\" rel=\"noreferrer noopener\">Business Insider<\/a> gesammelt hat, besagen jedoch, dass der Marktplatz im September dieses Jahres an den Start gehen wird. <\/p>\n\n<h3 class=\"wp-block-heading\">Expansion innerhalb Belgiens<\/h3>\n\n<p>Amazon k\u00fcndigte Anfang des Jahres auch an, dass Belgien ein eigenes Logistikzentrum in Antwerpen haben wird. Dieses soll noch vor Ende 2022 gebaut werden. Amazon nutzt derzeit lokale Kurierdienste innerhalb Belgiens, aber mit der Ank\u00fcndigung des neuen Marktplatzes und des geplanten Fulfillment-Zentrums scheint es, dass das Unternehmen sein eigenes Versandnetzwerk nutzen wird.  <\/p>\n\n<p>Amazon Prime wird zum Zeitpunkt der Einf\u00fchrung ebenfalls verf\u00fcgbar sein. Verbraucher, die derzeit eine Prime-Mitgliedschaft \u00fcber europ\u00e4ische Nachbarl\u00e4nder haben, k\u00f6nnen diese \u00fcber Amazon Belgien fortsetzen. <\/p>\n\n<h2 class=\"wp-block-heading\">Was bedeutet das f\u00fcr die Verk\u00e4ufer?<\/h2>\n\n<p>Neben amazon.com.be hat Amazon auch <a href=\"https:\/\/sell.amazon.com.be\" target=\"_blank\" rel=\"noreferrer noopener\">sell.amazon.com.be<\/a> eingerichtet, wo Verkaufspartner ihr Gesch\u00e4ft registrieren k\u00f6nnen, um Amazon-Verk\u00e4ufer zu werden, egal ob es sich um FBA oder FBM handelt.<\/p>\n\n<p>Bis zu dieser Ank\u00fcndigung mussten belgische K\u00e4ufer Amazon-Produkte \u00fcber amazon.fr (Frankreich), amazon.de (Deutschland) &amp; amazon.nl (Niederlande) kaufen. Im Jahr 2021 machte dies insgesamt \u00fcber <a href=\"https:\/\/www.statista.com\/forecasts\/1243322\/belgium-top-cross-border-online-stores-ecommercedb\" target=\"_blank\" rel=\"noreferrer noopener\"> 447 Millionen Dollar<\/a> auf den 3 Marktpl\u00e4tzen aus, die nun h\u00f6chstwahrscheinlich bei Amazon Belgien zu finden sein werden. <\/p>\n\n<h2 class=\"wp-block-heading\">Weitere Pl\u00e4ne<\/h2>\n\n<p>Amazon hat einen enormen Expansionsplan, der vorsieht, dass das Unternehmen bis 2023 in 4 weitere L\u00e4nder expandieren will: Chile, Kolumbien, Nigeria und S\u00fcdafrika.  <\/p>\n\n<p>Der eCommerce-Gigant w\u00e4chst weiter, und es wird erwartet, dass <a href=\"https:\/\/www.spglobal.com\/marketintelligence\/en\/news-insights\/latest-news-headlines\/amazon-could-see-revenue-more-than-double-by-2025-as-retail-business-grows-62718086\" target=\"_blank\" rel=\"noreferrer noopener\">sich der Umsatz bis 2025 mehr als verdoppeln<\/a> wird. Wenn Sie also dar\u00fcber nachdenken, ein Amazon-Gesch\u00e4ft zu gr\u00fcnden, oder bereits ein Amazon-Veteran sind, ist es jetzt an der Zeit, diese unglaubliche Chance zu nutzen.<\/p>\n\n<p>Der Einsatz eines automatischen Preisanpassers stellt sicher, dass die Preise Ihres Produkts um h\u00f6here Suchergebnisse konkurrieren k\u00f6nnen &#8211; und um die Buy Box! &#8211; konkurrieren k\u00f6nnen. Seien Sie der Konkurrenz voraus und verschaffen Sie sich einen Wettbewerbsvorteil. <a src=\"\/\">Melden Sie sich noch heute f\u00fcr Ihre kostenlose Testversion an<\/a>.  <\/p>\n<aside id=\"custom_html-11\" class=\"widget_text widget_custom_html amr_widget \"><div class=\"textwidget custom-html-widget\"><div>\r\n\t\r\n\t<a href=\"https:\/\/www.repricer.com\/wp-content\/uploads\/2025\/05\/Blog-Ad-Version-03.png\"><img fetchpriority=\"high\" decoding=\"async\" class=\"aligncenter wp-image-3001 size-large\" src=\"https:\/\/www.repricer.com\/wp-content\/uploads\/2025\/05\/Blog-Ad-Version-03.png\" alt=\"Repricer free trial\" width=\"1024\" height=\"440\" \/><\/a>\r\n\t\r\n\t<\/div><\/div><\/aside>\n","protected":false},"excerpt":{"rendered":"<p>Amazon hat soeben Pl\u00e4ne angek\u00fcndigt, seine virtuellen T\u00fcren in Belgien mit einem eigenen Marktplatz, Amazon.com.be, zu \u00f6ffnen. Offenbar gab es Probleme, die Adresse Amazon.be zu erhalten, die seit Jahren von einer belgischen Versicherungsgesellschaft belegt ist. Nichtsdestotrotz ist Amazon.com.be jetzt da und wird bald f\u00fcr den belgischen Markt bereit sein. Wann wird dies geschehen? Offiziell hat [&hellip;]<\/p>\n","protected":false},"author":34,"featured_media":7503,"comment_status":"closed","ping_status":"closed","sticky":false,"template":"","format":"standard","meta":{"inline_featured_image":false,"footnotes":""},"categories":[101,184,176],"tags":[],"class_list":["post-36631","post","type-post","status-publish","format-standard","has-post-thumbnail","hentry","category-amazon-de","category-marktplatz","category-neuigkeiten"],"yoast_head":"<!-- This site is optimized with the Yoast SEO Premium plugin v27.4 (Yoast SEO v27.4) - https:\/\/yoast.com\/product\/yoast-seo-premium-wordpress\/ -->\n<title>Amazon Belgien tritt dem Marketplace | Repricer bei<\/title>\n<meta name=\"description\" content=\"Amazon Belgien wurde angek\u00fcndigt &amp; dieser neue Marktplatz kann eine Fundgrube an M\u00f6glichkeiten f\u00fcr Online-Verk\u00e4ufer sein.\" \/>\n<meta name=\"robots\" content=\"index, follow, max-snippet:-1, max-image-preview:large, max-video-preview:-1\" \/>\n<link rel=\"canonical\" href=\"https:\/\/www.repricer.com\/de\/blog\/amazon-belgien-der-21-amazon-marktplatz\/\" \/>\n<meta property=\"og:locale\" content=\"de_DE\" \/>\n<meta property=\"og:type\" content=\"article\" \/>\n<meta property=\"og:title\" content=\"Amazon Belgien - Der 21. Amazon-Marktplatz\" \/>\n<meta property=\"og:description\" content=\"Amazon Belgien wurde angek\u00fcndigt &amp; dieser neue Marktplatz kann eine Fundgrube an M\u00f6glichkeiten f\u00fcr Online-Verk\u00e4ufer sein.\" \/>\n<meta property=\"og:url\" content=\"https:\/\/www.repricer.com\/de\/blog\/amazon-belgien-der-21-amazon-marktplatz\/\" \/>\n<meta property=\"og:site_name\" content=\"The Fastest Amazon Repricer | Repricer.com\" \/>\n<meta property=\"article:publisher\" content=\"https:\/\/www.facebook.com\/repricer\" \/>\n<meta property=\"article:published_time\" content=\"2022-07-28T12:20:35+00:00\" \/>\n<meta property=\"article:modified_time\" content=\"2025-03-03T16:48:35+00:00\" \/>\n<meta property=\"og:image\" content=\"https:\/\/www.repricer.com\/wp-content\/uploads\/2022\/07\/amazon-belgium.png\" \/>\n\t<meta property=\"og:image:width\" content=\"1440\" \/>\n\t<meta property=\"og:image:height\" content=\"810\" \/>\n\t<meta property=\"og:image:type\" content=\"image\/png\" \/>\n<meta name=\"author\" content=\"Ronan White\" \/>\n<meta name=\"twitter:card\" content=\"summary_large_image\" \/>\n<meta name=\"twitter:creator\" content=\"@repricer\" \/>\n<meta name=\"twitter:site\" content=\"@repricer\" \/>\n<meta name=\"twitter:label1\" content=\"Verfasst von\" \/>\n\t<meta name=\"twitter:data1\" content=\"Ronan White\" \/>\n\t<meta name=\"twitter:label2\" content=\"Gesch\u00e4tzte Lesezeit\" \/>\n\t<meta name=\"twitter:data2\" content=\"2\u00a0Minuten\" \/>\n<script type=\"application\/ld+json\" class=\"yoast-schema-graph\">{\"@context\":\"https:\\\/\\\/schema.org\",\"@graph\":[{\"@type\":\"Article\",\"@id\":\"https:\\\/\\\/www.repricer.com\\\/de\\\/blog\\\/amazon-belgien-der-21-amazon-marktplatz\\\/#article\",\"isPartOf\":{\"@id\":\"https:\\\/\\\/www.repricer.com\\\/de\\\/blog\\\/amazon-belgien-der-21-amazon-marktplatz\\\/\"},\"author\":{\"name\":\"Ronan White\",\"@id\":\"https:\\\/\\\/www.repricer.com\\\/de\\\/#\\\/schema\\\/person\\\/88304ef5ce0e853c5db2513a73b9ff04\"},\"headline\":\"Amazon Belgien &#8211; Der 21. Amazon-Marktplatz\",\"datePublished\":\"2022-07-28T12:20:35+00:00\",\"dateModified\":\"2025-03-03T16:48:35+00:00\",\"mainEntityOfPage\":{\"@id\":\"https:\\\/\\\/www.repricer.com\\\/de\\\/blog\\\/amazon-belgien-der-21-amazon-marktplatz\\\/\"},\"wordCount\":408,\"publisher\":{\"@id\":\"https:\\\/\\\/www.repricer.com\\\/de\\\/#organization\"},\"image\":{\"@id\":\"https:\\\/\\\/www.repricer.com\\\/de\\\/blog\\\/amazon-belgien-der-21-amazon-marktplatz\\\/#primaryimage\"},\"thumbnailUrl\":\"https:\\\/\\\/www.repricer.com\\\/wp-content\\\/uploads\\\/2022\\\/07\\\/amazon-belgium.png\",\"articleSection\":[\"Amazon\",\"Marktplatz\",\"Neuigkeiten\"],\"inLanguage\":\"de\"},{\"@type\":\"WebPage\",\"@id\":\"https:\\\/\\\/www.repricer.com\\\/de\\\/blog\\\/amazon-belgien-der-21-amazon-marktplatz\\\/\",\"url\":\"https:\\\/\\\/www.repricer.com\\\/de\\\/blog\\\/amazon-belgien-der-21-amazon-marktplatz\\\/\",\"name\":\"Amazon Belgien tritt dem Marketplace | Repricer bei\",\"isPartOf\":{\"@id\":\"https:\\\/\\\/www.repricer.com\\\/de\\\/#website\"},\"primaryImageOfPage\":{\"@id\":\"https:\\\/\\\/www.repricer.com\\\/de\\\/blog\\\/amazon-belgien-der-21-amazon-marktplatz\\\/#primaryimage\"},\"image\":{\"@id\":\"https:\\\/\\\/www.repricer.com\\\/de\\\/blog\\\/amazon-belgien-der-21-amazon-marktplatz\\\/#primaryimage\"},\"thumbnailUrl\":\"https:\\\/\\\/www.repricer.com\\\/wp-content\\\/uploads\\\/2022\\\/07\\\/amazon-belgium.png\",\"datePublished\":\"2022-07-28T12:20:35+00:00\",\"dateModified\":\"2025-03-03T16:48:35+00:00\",\"description\":\"Amazon Belgien wurde angek\u00fcndigt & dieser neue Marktplatz kann eine Fundgrube an M\u00f6glichkeiten f\u00fcr Online-Verk\u00e4ufer sein.\",\"breadcrumb\":{\"@id\":\"https:\\\/\\\/www.repricer.com\\\/de\\\/blog\\\/amazon-belgien-der-21-amazon-marktplatz\\\/#breadcrumb\"},\"inLanguage\":\"de\",\"potentialAction\":[{\"@type\":\"ReadAction\",\"target\":[\"https:\\\/\\\/www.repricer.com\\\/de\\\/blog\\\/amazon-belgien-der-21-amazon-marktplatz\\\/\"]}]},{\"@type\":\"ImageObject\",\"inLanguage\":\"de\",\"@id\":\"https:\\\/\\\/www.repricer.com\\\/de\\\/blog\\\/amazon-belgien-der-21-amazon-marktplatz\\\/#primaryimage\",\"url\":\"https:\\\/\\\/www.repricer.com\\\/wp-content\\\/uploads\\\/2022\\\/07\\\/amazon-belgium.png\",\"contentUrl\":\"https:\\\/\\\/www.repricer.com\\\/wp-content\\\/uploads\\\/2022\\\/07\\\/amazon-belgium.png\",\"width\":1440,\"height\":810,\"caption\":\"amazon belgium\"},{\"@type\":\"BreadcrumbList\",\"@id\":\"https:\\\/\\\/www.repricer.com\\\/de\\\/blog\\\/amazon-belgien-der-21-amazon-marktplatz\\\/#breadcrumb\",\"itemListElement\":[{\"@type\":\"ListItem\",\"position\":1,\"name\":\"Home\",\"item\":\"https:\\\/\\\/www.repricer.com\\\/de\\\/home-2\\\/\"},{\"@type\":\"ListItem\",\"position\":2,\"name\":\"Amazon Belgien &#8211; Der 21. Amazon-Marktplatz\"}]},{\"@type\":\"WebSite\",\"@id\":\"https:\\\/\\\/www.repricer.com\\\/de\\\/#website\",\"url\":\"https:\\\/\\\/www.repricer.com\\\/de\\\/\",\"name\":\"The Fastest Amazon Repricer | Repricer.com\",\"description\":\"Machen Sie Repricer.com zu Ihrer zentralen Drehscheibe f\u00fcr die Preisgestaltung, indem Sie alle Ihre Verkaufskan\u00e4le verbinden, einschlie\u00dflich Amazon, eBay, Walmart, Shopify und mehr.\",\"publisher\":{\"@id\":\"https:\\\/\\\/www.repricer.com\\\/de\\\/#organization\"},\"potentialAction\":[{\"@type\":\"SearchAction\",\"target\":{\"@type\":\"EntryPoint\",\"urlTemplate\":\"https:\\\/\\\/www.repricer.com\\\/de\\\/?s={search_term_string}\"},\"query-input\":{\"@type\":\"PropertyValueSpecification\",\"valueRequired\":true,\"valueName\":\"search_term_string\"}}],\"inLanguage\":\"de\"},{\"@type\":\"Organization\",\"@id\":\"https:\\\/\\\/www.repricer.com\\\/de\\\/#organization\",\"name\":\"Repricer.com\",\"url\":\"https:\\\/\\\/www.repricer.com\\\/de\\\/\",\"logo\":{\"@type\":\"ImageObject\",\"inLanguage\":\"de\",\"@id\":\"https:\\\/\\\/www.repricer.com\\\/de\\\/#\\\/schema\\\/logo\\\/image\\\/\",\"url\":\"https:\\\/\\\/www.repricer.com\\\/wp-content\\\/uploads\\\/2022\\\/01\\\/updated-repricer-logo-black.png\",\"contentUrl\":\"https:\\\/\\\/www.repricer.com\\\/wp-content\\\/uploads\\\/2022\\\/01\\\/updated-repricer-logo-black.png\",\"width\":481,\"height\":83,\"caption\":\"Repricer.com\"},\"image\":{\"@id\":\"https:\\\/\\\/www.repricer.com\\\/de\\\/#\\\/schema\\\/logo\\\/image\\\/\"},\"sameAs\":[\"https:\\\/\\\/www.facebook.com\\\/repricer\",\"https:\\\/\\\/x.com\\\/repricer\",\"https:\\\/\\\/www.instagram.com\\\/repricer\\\/\",\"https:\\\/\\\/www.youtube.com\\\/channel\\\/UC_pT73zbB2TIA-jS12y93fA\"]},{\"@type\":\"Person\",\"@id\":\"https:\\\/\\\/www.repricer.com\\\/de\\\/#\\\/schema\\\/person\\\/88304ef5ce0e853c5db2513a73b9ff04\",\"name\":\"Ronan White\",\"description\":\"SEO and content marketing executive at Repricer. Loves cycling, cinema, a few beers and all things outdoors.\",\"sameAs\":[\"hayley\"],\"url\":\"https:\\\/\\\/www.repricer.com\\\/de\\\/blog\\\/author\\\/ronanwhite\\\/\"}]}<\/script>\n<!-- \/ Yoast SEO Premium plugin. -->","yoast_head_json":{"title":"Amazon Belgien tritt dem Marketplace | Repricer bei","description":"Amazon Belgien wurde angek\u00fcndigt & dieser neue Marktplatz kann eine Fundgrube an M\u00f6glichkeiten f\u00fcr Online-Verk\u00e4ufer sein.","robots":{"index":"index","follow":"follow","max-snippet":"max-snippet:-1","max-image-preview":"max-image-preview:large","max-video-preview":"max-video-preview:-1"},"canonical":"https:\/\/www.repricer.com\/de\/blog\/amazon-belgien-der-21-amazon-marktplatz\/","og_locale":"de_DE","og_type":"article","og_title":"Amazon Belgien - Der 21. Amazon-Marktplatz","og_description":"Amazon Belgien wurde angek\u00fcndigt & dieser neue Marktplatz kann eine Fundgrube an M\u00f6glichkeiten f\u00fcr Online-Verk\u00e4ufer sein.","og_url":"https:\/\/www.repricer.com\/de\/blog\/amazon-belgien-der-21-amazon-marktplatz\/","og_site_name":"The Fastest Amazon Repricer | Repricer.com","article_publisher":"https:\/\/www.facebook.com\/repricer","article_published_time":"2022-07-28T12:20:35+00:00","article_modified_time":"2025-03-03T16:48:35+00:00","og_image":[{"width":1440,"height":810,"url":"https:\/\/www.repricer.com\/wp-content\/uploads\/2022\/07\/amazon-belgium.png","type":"image\/png"}],"author":"Ronan White","twitter_card":"summary_large_image","twitter_creator":"@repricer","twitter_site":"@repricer","twitter_misc":{"Verfasst von":"Ronan White","Gesch\u00e4tzte Lesezeit":"2\u00a0Minuten"},"schema":{"@context":"https:\/\/schema.org","@graph":[{"@type":"Article","@id":"https:\/\/www.repricer.com\/de\/blog\/amazon-belgien-der-21-amazon-marktplatz\/#article","isPartOf":{"@id":"https:\/\/www.repricer.com\/de\/blog\/amazon-belgien-der-21-amazon-marktplatz\/"},"author":{"name":"Ronan White","@id":"https:\/\/www.repricer.com\/de\/#\/schema\/person\/88304ef5ce0e853c5db2513a73b9ff04"},"headline":"Amazon Belgien &#8211; Der 21. Amazon-Marktplatz","datePublished":"2022-07-28T12:20:35+00:00","dateModified":"2025-03-03T16:48:35+00:00","mainEntityOfPage":{"@id":"https:\/\/www.repricer.com\/de\/blog\/amazon-belgien-der-21-amazon-marktplatz\/"},"wordCount":408,"publisher":{"@id":"https:\/\/www.repricer.com\/de\/#organization"},"image":{"@id":"https:\/\/www.repricer.com\/de\/blog\/amazon-belgien-der-21-amazon-marktplatz\/#primaryimage"},"thumbnailUrl":"https:\/\/www.repricer.com\/wp-content\/uploads\/2022\/07\/amazon-belgium.png","articleSection":["Amazon","Marktplatz","Neuigkeiten"],"inLanguage":"de"},{"@type":"WebPage","@id":"https:\/\/www.repricer.com\/de\/blog\/amazon-belgien-der-21-amazon-marktplatz\/","url":"https:\/\/www.repricer.com\/de\/blog\/amazon-belgien-der-21-amazon-marktplatz\/","name":"Amazon Belgien tritt dem Marketplace | Repricer bei","isPartOf":{"@id":"https:\/\/www.repricer.com\/de\/#website"},"primaryImageOfPage":{"@id":"https:\/\/www.repricer.com\/de\/blog\/amazon-belgien-der-21-amazon-marktplatz\/#primaryimage"},"image":{"@id":"https:\/\/www.repricer.com\/de\/blog\/amazon-belgien-der-21-amazon-marktplatz\/#primaryimage"},"thumbnailUrl":"https:\/\/www.repricer.com\/wp-content\/uploads\/2022\/07\/amazon-belgium.png","datePublished":"2022-07-28T12:20:35+00:00","dateModified":"2025-03-03T16:48:35+00:00","description":"Amazon Belgien wurde angek\u00fcndigt & dieser neue Marktplatz kann eine Fundgrube an M\u00f6glichkeiten f\u00fcr Online-Verk\u00e4ufer sein.","breadcrumb":{"@id":"https:\/\/www.repricer.com\/de\/blog\/amazon-belgien-der-21-amazon-marktplatz\/#breadcrumb"},"inLanguage":"de","potentialAction":[{"@type":"ReadAction","target":["https:\/\/www.repricer.com\/de\/blog\/amazon-belgien-der-21-amazon-marktplatz\/"]}]},{"@type":"ImageObject","inLanguage":"de","@id":"https:\/\/www.repricer.com\/de\/blog\/amazon-belgien-der-21-amazon-marktplatz\/#primaryimage","url":"https:\/\/www.repricer.com\/wp-content\/uploads\/2022\/07\/amazon-belgium.png","contentUrl":"https:\/\/www.repricer.com\/wp-content\/uploads\/2022\/07\/amazon-belgium.png","width":1440,"height":810,"caption":"amazon belgium"},{"@type":"BreadcrumbList","@id":"https:\/\/www.repricer.com\/de\/blog\/amazon-belgien-der-21-amazon-marktplatz\/#breadcrumb","itemListElement":[{"@type":"ListItem","position":1,"name":"Home","item":"https:\/\/www.repricer.com\/de\/home-2\/"},{"@type":"ListItem","position":2,"name":"Amazon Belgien &#8211; Der 21. Amazon-Marktplatz"}]},{"@type":"WebSite","@id":"https:\/\/www.repricer.com\/de\/#website","url":"https:\/\/www.repricer.com\/de\/","name":"The Fastest Amazon Repricer | Repricer.com","description":"Machen Sie Repricer.com zu Ihrer zentralen Drehscheibe f\u00fcr die Preisgestaltung, indem Sie alle Ihre Verkaufskan\u00e4le verbinden, einschlie\u00dflich Amazon, eBay, Walmart, Shopify und mehr.","publisher":{"@id":"https:\/\/www.repricer.com\/de\/#organization"},"potentialAction":[{"@type":"SearchAction","target":{"@type":"EntryPoint","urlTemplate":"https:\/\/www.repricer.com\/de\/?s={search_term_string}"},"query-input":{"@type":"PropertyValueSpecification","valueRequired":true,"valueName":"search_term_string"}}],"inLanguage":"de"},{"@type":"Organization","@id":"https:\/\/www.repricer.com\/de\/#organization","name":"Repricer.com","url":"https:\/\/www.repricer.com\/de\/","logo":{"@type":"ImageObject","inLanguage":"de","@id":"https:\/\/www.repricer.com\/de\/#\/schema\/logo\/image\/","url":"https:\/\/www.repricer.com\/wp-content\/uploads\/2022\/01\/updated-repricer-logo-black.png","contentUrl":"https:\/\/www.repricer.com\/wp-content\/uploads\/2022\/01\/updated-repricer-logo-black.png","width":481,"height":83,"caption":"Repricer.com"},"image":{"@id":"https:\/\/www.repricer.com\/de\/#\/schema\/logo\/image\/"},"sameAs":["https:\/\/www.facebook.com\/repricer","https:\/\/x.com\/repricer","https:\/\/www.instagram.com\/repricer\/","https:\/\/www.youtube.com\/channel\/UC_pT73zbB2TIA-jS12y93fA"]},{"@type":"Person","@id":"https:\/\/www.repricer.com\/de\/#\/schema\/person\/88304ef5ce0e853c5db2513a73b9ff04","name":"Ronan White","description":"SEO and content marketing executive at Repricer. Loves cycling, cinema, a few beers and all things outdoors.","sameAs":["hayley"],"url":"https:\/\/www.repricer.com\/de\/blog\/author\/ronanwhite\/"}]}},"_links":{"self":[{"href":"https:\/\/www.repricer.com\/de\/wp-json\/wp\/v2\/posts\/36631","targetHints":{"allow":["GET"]}}],"collection":[{"href":"https:\/\/www.repricer.com\/de\/wp-json\/wp\/v2\/posts"}],"about":[{"href":"https:\/\/www.repricer.com\/de\/wp-json\/wp\/v2\/types\/post"}],"author":[{"embeddable":true,"href":"https:\/\/www.repricer.com\/de\/wp-json\/wp\/v2\/users\/34"}],"replies":[{"embeddable":true,"href":"https:\/\/www.repricer.com\/de\/wp-json\/wp\/v2\/comments?post=36631"}],"version-history":[{"count":1,"href":"https:\/\/www.repricer.com\/de\/wp-json\/wp\/v2\/posts\/36631\/revisions"}],"predecessor-version":[{"id":36633,"href":"https:\/\/www.repricer.com\/de\/wp-json\/wp\/v2\/posts\/36631\/revisions\/36633"}],"wp:featuredmedia":[{"embeddable":true,"href":"https:\/\/www.repricer.com\/de\/wp-json\/wp\/v2\/media\/7503"}],"wp:attachment":[{"href":"https:\/\/www.repricer.com\/de\/wp-json\/wp\/v2\/media?parent=36631"}],"wp:term":[{"taxonomy":"category","embeddable":true,"href":"https:\/\/www.repricer.com\/de\/wp-json\/wp\/v2\/categories?post=36631"},{"taxonomy":"post_tag","embeddable":true,"href":"https:\/\/www.repricer.com\/de\/wp-json\/wp\/v2\/tags?post=36631"}],"curies":[{"name":"wp","href":"https:\/\/api.w.org\/{rel}","templated":true}]}}