{"id":36797,"date":"2022-07-28T12:20:35","date_gmt":"2022-07-28T12:20:35","guid":{"rendered":"https:\/\/www.repricer.com\/blog\/amazon-belgium-la-21e-place-de-marche-damazon\/"},"modified":"2025-03-03T16:49:58","modified_gmt":"2025-03-03T16:49:58","slug":"amazon-belgium-la-21e-place-de-marche-damazon","status":"publish","type":"post","link":"https:\/\/www.repricer.com\/fr\/blog\/amazon-belgium-la-21e-place-de-marche-damazon\/","title":{"rendered":"Amazon Belgium &#8211; La 21e place de march\u00e9 d&rsquo;Amazon"},"content":{"rendered":"\n<p>Amazon vient d&rsquo;annoncer son intention d&rsquo;ouvrir ses portes virtuelles en Belgique avec sa propre place de march\u00e9 d\u00e9di\u00e9e, Amazon.com.be. Il semble qu&rsquo;il y ait eu des probl\u00e8mes pour obtenir l&rsquo;adresse Amazon.be, occup\u00e9e depuis des ann\u00e9es par une compagnie d&rsquo;assurance belge. N\u00e9anmoins, Amazon.com.be est l\u00e0 et bient\u00f4t pr\u00eat pour le march\u00e9 belge.  <\/p>\n\n<h2 class=\"wp-block-heading\" id=\"h-when-will-this-happen\">Quand cela se produira-t-il ?<\/h2>\n\n<p>Officiellement, <a href=\"https:\/\/www.aboutamazon.eu\/news\/job-creation-and-investment\/amazon-announces-plans-to-launch-amazon-com-be-in-the-coming-months\" target=\"_blank\" rel=\"noreferrer noopener\">Amazon<\/a> a d\u00e9clar\u00e9 qu&rsquo;Amazon Belgium serait lanc\u00e9e dans les prochains mois. Toutefois, des documents ayant fait l&rsquo;objet d&rsquo;une fuite et recueillis par <a href=\"https:\/\/www.businessinsider.com\/amazon-to-expand-into-5-countries-by-early-next-year-2022-6?international=true&amp;r=US&amp;IR=T\" target=\"_blank\" rel=\"noreferrer noopener\">Business Insider<\/a> indiquent que la place de march\u00e9 sera lanc\u00e9e en septembre. <\/p>\n\n<h3 class=\"wp-block-heading\">Expansion en Belgique<\/h3>\n\n<p>Amazon a \u00e9galement annonc\u00e9 plus t\u00f4t dans l&rsquo;ann\u00e9e que la Belgique disposerait de son propre centre logistique bas\u00e9 \u00e0 Anvers. Ce centre devrait \u00eatre construit avant la fin de l&rsquo;ann\u00e9e 2022. Amazon fait actuellement appel \u00e0 des coursiers locaux en Belgique, mais avec l&rsquo;annonce de sa nouvelle place de march\u00e9 et de son centre d&rsquo;ex\u00e9cution pr\u00e9vu, il semble que l&rsquo;entreprise utilisera son propre r\u00e9seau d&rsquo;exp\u00e9dition.  <\/p>\n\n<p>Amazon Prime sera \u00e9galement disponible au moment du lancement. Les consommateurs qui sont actuellement membres de Prime dans les pays europ\u00e9ens voisins pourront continuer \u00e0 l&rsquo;\u00eatre par l&rsquo;interm\u00e9diaire d&rsquo;Amazon Belgique. <\/p>\n\n<h2 class=\"wp-block-heading\">Qu&rsquo;est-ce que cela signifie pour les vendeurs ?<\/h2>\n\n<p>Outre amazon.com.be, Amazon a \u00e9galement cr\u00e9\u00e9 <a href=\"https:\/\/sell.amazon.com.be\" target=\"_blank\" rel=\"noreferrer noopener\">sell.amazon.com.be<\/a> o\u00f9 les partenaires de vente peuvent enregistrer leur entreprise pour devenir un vendeur Amazon, qu&rsquo;il s&rsquo;agisse de FBA ou de FBM.<\/p>\n\n<p>Jusqu&rsquo;\u00e0 cette annonce, les acheteurs belges devaient acheter les produits Amazon sur amazon.fr (France), amazon.de (Allemagne) et amazon.nl (Pays-Bas). En 2021, cela repr\u00e9sentait plus de <a href=\"https:\/\/www.statista.com\/forecasts\/1243322\/belgium-top-cross-border-online-stores-ecommercedb\" target=\"_blank\" rel=\"noreferrer noopener\"> 447 millions de dollars<\/a> au total sur les trois places de march\u00e9, qui seront d\u00e9sormais plus que probablement visibles au sein d&rsquo;Amazon Belgique. <\/p>\n\n<h2 class=\"wp-block-heading\">Nouveaux projets<\/h2>\n\n<p>Amazon a mis en place un \u00e9norme plan d&rsquo;expansion : en 2023, l&rsquo;entreprise pr\u00e9voit de s&rsquo;implanter dans quatre autres pays : Chili, Colombie, Nigeria et Afrique du Sud.  <\/p>\n\n<p>Le g\u00e9ant du commerce \u00e9lectronique continue de cro\u00eetre et ses revenus devraient <a href=\"https:\/\/www.spglobal.com\/marketintelligence\/en\/news-insights\/latest-news-headlines\/amazon-could-see-revenue-more-than-double-by-2025-as-retail-business-grows-62718086\" target=\"_blank\" rel=\"noreferrer noopener\">plus que doubler<\/a> d&rsquo;ici 2025. Si vous envisagez de cr\u00e9er une entreprise Amazon ou si vous \u00eates d\u00e9j\u00e0 un v\u00e9t\u00e9ran de la vente sur Amazon, c&rsquo;est le moment de tirer parti de cette incroyable opportunit\u00e9.<\/p>\n\n<p>L&rsquo;utilisation d&rsquo;un outil de repricing automatis\u00e9 permet de s&rsquo;assurer que les prix de vos produits sont comp\u00e9titifs pour un meilleur classement dans les moteurs de recherche &#8211; et pour la bo\u00eete d&rsquo;achat ! &#8211; en permanence. Prenez de l&rsquo;avance sur la concurrence et gagnez cet avantage comp\u00e9titif, <a src=\"\/\">inscrivez-vous d\u00e8s aujourd&rsquo;hui pour un essai gratuit<\/a>.  <\/p>\n<aside id=\"custom_html-11\" class=\"widget_text widget_custom_html amr_widget \"><div class=\"textwidget custom-html-widget\"><div>\r\n\t\r\n\t<a href=\"https:\/\/www.repricer.com\/wp-content\/uploads\/2025\/05\/Blog-Ad-Version-03.png\"><img fetchpriority=\"high\" decoding=\"async\" class=\"aligncenter wp-image-3001 size-large\" src=\"https:\/\/www.repricer.com\/wp-content\/uploads\/2025\/05\/Blog-Ad-Version-03.png\" alt=\"Repricer free trial\" width=\"1024\" height=\"440\" \/><\/a>\r\n\t\r\n\t<\/div><\/div><\/aside>\n","protected":false},"excerpt":{"rendered":"<p>Amazon vient d&rsquo;annoncer son intention d&rsquo;ouvrir ses portes virtuelles en Belgique avec sa propre place de march\u00e9 d\u00e9di\u00e9e, Amazon.com.be. Il semble qu&rsquo;il y ait eu des probl\u00e8mes pour obtenir l&rsquo;adresse Amazon.be, occup\u00e9e depuis des ann\u00e9es par une compagnie d&rsquo;assurance belge. N\u00e9anmoins, Amazon.com.be est l\u00e0 et bient\u00f4t pr\u00eat pour le march\u00e9 belge. Quand cela se produira-t-il [&hellip;]<\/p>\n","protected":false},"author":34,"featured_media":7502,"comment_status":"closed","ping_status":"closed","sticky":false,"template":"","format":"standard","meta":{"inline_featured_image":false,"footnotes":""},"categories":[98,175,182],"tags":[],"class_list":["post-36797","post","type-post","status-publish","format-standard","has-post-thumbnail","hentry","category-amazon-fr","category-nouvelles","category-place-du-marche"],"yoast_head":"<!-- This site is optimized with the Yoast SEO Premium plugin v27.4 (Yoast SEO v27.4) - https:\/\/yoast.com\/product\/yoast-seo-premium-wordpress\/ -->\n<title>Amazon Belgium rejoint la place de march\u00e9 | Repricer<\/title>\n<meta name=\"description\" content=\"Amazon Belgique a \u00e9t\u00e9 annonc\u00e9 et cette nouvelle place de march\u00e9 peut \u00eatre un tr\u00e9sor d&#039;opportunit\u00e9s pour les vendeurs en ligne.\" \/>\n<meta name=\"robots\" content=\"index, follow, max-snippet:-1, max-image-preview:large, max-video-preview:-1\" \/>\n<link rel=\"canonical\" href=\"https:\/\/www.repricer.com\/fr\/blog\/amazon-belgium-la-21e-place-de-marche-damazon\/\" \/>\n<meta property=\"og:locale\" content=\"fr_FR\" \/>\n<meta property=\"og:type\" content=\"article\" \/>\n<meta property=\"og:title\" content=\"Amazon Belgium - La 21e place de march\u00e9 d&#039;Amazon\" \/>\n<meta property=\"og:description\" content=\"Amazon Belgique a \u00e9t\u00e9 annonc\u00e9 et cette nouvelle place de march\u00e9 peut \u00eatre un tr\u00e9sor d&#039;opportunit\u00e9s pour les vendeurs en ligne.\" \/>\n<meta property=\"og:url\" content=\"https:\/\/www.repricer.com\/fr\/blog\/amazon-belgium-la-21e-place-de-marche-damazon\/\" \/>\n<meta property=\"og:site_name\" content=\"The Fastest Amazon Repricer | Repricer.com\" \/>\n<meta property=\"article:publisher\" content=\"https:\/\/www.facebook.com\/repricer\" \/>\n<meta property=\"article:published_time\" content=\"2022-07-28T12:20:35+00:00\" \/>\n<meta property=\"article:modified_time\" content=\"2025-03-03T16:49:58+00:00\" \/>\n<meta property=\"og:image\" content=\"https:\/\/www.repricer.com\/wp-content\/uploads\/2022\/07\/amazon-belgium.png\" \/>\n\t<meta property=\"og:image:width\" content=\"1440\" \/>\n\t<meta property=\"og:image:height\" content=\"810\" \/>\n\t<meta property=\"og:image:type\" content=\"image\/png\" \/>\n<meta name=\"author\" content=\"Ronan White\" \/>\n<meta name=\"twitter:card\" content=\"summary_large_image\" \/>\n<meta name=\"twitter:creator\" content=\"@repricer\" \/>\n<meta name=\"twitter:site\" content=\"@repricer\" \/>\n<meta name=\"twitter:label1\" content=\"\u00c9crit par\" \/>\n\t<meta name=\"twitter:data1\" content=\"Ronan White\" \/>\n\t<meta name=\"twitter:label2\" content=\"Dur\u00e9e de lecture estim\u00e9e\" \/>\n\t<meta name=\"twitter:data2\" content=\"2 minutes\" \/>\n<script type=\"application\/ld+json\" class=\"yoast-schema-graph\">{\"@context\":\"https:\\\/\\\/schema.org\",\"@graph\":[{\"@type\":\"Article\",\"@id\":\"https:\\\/\\\/www.repricer.com\\\/fr\\\/blog\\\/amazon-belgium-la-21e-place-de-marche-damazon\\\/#article\",\"isPartOf\":{\"@id\":\"https:\\\/\\\/www.repricer.com\\\/fr\\\/blog\\\/amazon-belgium-la-21e-place-de-marche-damazon\\\/\"},\"author\":{\"name\":\"Ronan White\",\"@id\":\"https:\\\/\\\/www.repricer.com\\\/fr\\\/#\\\/schema\\\/person\\\/88304ef5ce0e853c5db2513a73b9ff04\"},\"headline\":\"Amazon Belgium &#8211; La 21e place de march\u00e9 d&rsquo;Amazon\",\"datePublished\":\"2022-07-28T12:20:35+00:00\",\"dateModified\":\"2025-03-03T16:49:58+00:00\",\"mainEntityOfPage\":{\"@id\":\"https:\\\/\\\/www.repricer.com\\\/fr\\\/blog\\\/amazon-belgium-la-21e-place-de-marche-damazon\\\/\"},\"wordCount\":484,\"publisher\":{\"@id\":\"https:\\\/\\\/www.repricer.com\\\/fr\\\/#organization\"},\"image\":{\"@id\":\"https:\\\/\\\/www.repricer.com\\\/fr\\\/blog\\\/amazon-belgium-la-21e-place-de-marche-damazon\\\/#primaryimage\"},\"thumbnailUrl\":\"https:\\\/\\\/www.repricer.com\\\/wp-content\\\/uploads\\\/2022\\\/07\\\/amazon-belgium.png\",\"articleSection\":[\"Amazon\",\"Nouvelles\",\"Place du march\u00e9\"],\"inLanguage\":\"fr-FR\"},{\"@type\":\"WebPage\",\"@id\":\"https:\\\/\\\/www.repricer.com\\\/fr\\\/blog\\\/amazon-belgium-la-21e-place-de-marche-damazon\\\/\",\"url\":\"https:\\\/\\\/www.repricer.com\\\/fr\\\/blog\\\/amazon-belgium-la-21e-place-de-marche-damazon\\\/\",\"name\":\"Amazon Belgium rejoint la place de march\u00e9 | Repricer\",\"isPartOf\":{\"@id\":\"https:\\\/\\\/www.repricer.com\\\/fr\\\/#website\"},\"primaryImageOfPage\":{\"@id\":\"https:\\\/\\\/www.repricer.com\\\/fr\\\/blog\\\/amazon-belgium-la-21e-place-de-marche-damazon\\\/#primaryimage\"},\"image\":{\"@id\":\"https:\\\/\\\/www.repricer.com\\\/fr\\\/blog\\\/amazon-belgium-la-21e-place-de-marche-damazon\\\/#primaryimage\"},\"thumbnailUrl\":\"https:\\\/\\\/www.repricer.com\\\/wp-content\\\/uploads\\\/2022\\\/07\\\/amazon-belgium.png\",\"datePublished\":\"2022-07-28T12:20:35+00:00\",\"dateModified\":\"2025-03-03T16:49:58+00:00\",\"description\":\"Amazon Belgique a \u00e9t\u00e9 annonc\u00e9 et cette nouvelle place de march\u00e9 peut \u00eatre un tr\u00e9sor d'opportunit\u00e9s pour les vendeurs en ligne.\",\"breadcrumb\":{\"@id\":\"https:\\\/\\\/www.repricer.com\\\/fr\\\/blog\\\/amazon-belgium-la-21e-place-de-marche-damazon\\\/#breadcrumb\"},\"inLanguage\":\"fr-FR\",\"potentialAction\":[{\"@type\":\"ReadAction\",\"target\":[\"https:\\\/\\\/www.repricer.com\\\/fr\\\/blog\\\/amazon-belgium-la-21e-place-de-marche-damazon\\\/\"]}]},{\"@type\":\"ImageObject\",\"inLanguage\":\"fr-FR\",\"@id\":\"https:\\\/\\\/www.repricer.com\\\/fr\\\/blog\\\/amazon-belgium-la-21e-place-de-marche-damazon\\\/#primaryimage\",\"url\":\"https:\\\/\\\/www.repricer.com\\\/wp-content\\\/uploads\\\/2022\\\/07\\\/amazon-belgium.png\",\"contentUrl\":\"https:\\\/\\\/www.repricer.com\\\/wp-content\\\/uploads\\\/2022\\\/07\\\/amazon-belgium.png\",\"width\":1440,\"height\":810,\"caption\":\"amazon belgium\"},{\"@type\":\"BreadcrumbList\",\"@id\":\"https:\\\/\\\/www.repricer.com\\\/fr\\\/blog\\\/amazon-belgium-la-21e-place-de-marche-damazon\\\/#breadcrumb\",\"itemListElement\":[{\"@type\":\"ListItem\",\"position\":1,\"name\":\"Home\",\"item\":\"https:\\\/\\\/www.repricer.com\\\/fr\\\/home-2\\\/\"},{\"@type\":\"ListItem\",\"position\":2,\"name\":\"Amazon Belgium &#8211; La 21e place de march\u00e9 d&#8217;Amazon\"}]},{\"@type\":\"WebSite\",\"@id\":\"https:\\\/\\\/www.repricer.com\\\/fr\\\/#website\",\"url\":\"https:\\\/\\\/www.repricer.com\\\/fr\\\/\",\"name\":\"The Fastest Amazon Repricer | Repricer.com\",\"description\":\"Faites de Repricer.com votre centre de tarification unique en connectant tous vos canaux de vente, y compris Amazon, eBay, Walmart, Shopify et plus encore.\",\"publisher\":{\"@id\":\"https:\\\/\\\/www.repricer.com\\\/fr\\\/#organization\"},\"potentialAction\":[{\"@type\":\"SearchAction\",\"target\":{\"@type\":\"EntryPoint\",\"urlTemplate\":\"https:\\\/\\\/www.repricer.com\\\/fr\\\/?s={search_term_string}\"},\"query-input\":{\"@type\":\"PropertyValueSpecification\",\"valueRequired\":true,\"valueName\":\"search_term_string\"}}],\"inLanguage\":\"fr-FR\"},{\"@type\":\"Organization\",\"@id\":\"https:\\\/\\\/www.repricer.com\\\/fr\\\/#organization\",\"name\":\"Repricer.com\",\"url\":\"https:\\\/\\\/www.repricer.com\\\/fr\\\/\",\"logo\":{\"@type\":\"ImageObject\",\"inLanguage\":\"fr-FR\",\"@id\":\"https:\\\/\\\/www.repricer.com\\\/fr\\\/#\\\/schema\\\/logo\\\/image\\\/\",\"url\":\"https:\\\/\\\/www.repricer.com\\\/wp-content\\\/uploads\\\/2022\\\/01\\\/updated-repricer-logo-black.png\",\"contentUrl\":\"https:\\\/\\\/www.repricer.com\\\/wp-content\\\/uploads\\\/2022\\\/01\\\/updated-repricer-logo-black.png\",\"width\":481,\"height\":83,\"caption\":\"Repricer.com\"},\"image\":{\"@id\":\"https:\\\/\\\/www.repricer.com\\\/fr\\\/#\\\/schema\\\/logo\\\/image\\\/\"},\"sameAs\":[\"https:\\\/\\\/www.facebook.com\\\/repricer\",\"https:\\\/\\\/x.com\\\/repricer\",\"https:\\\/\\\/www.instagram.com\\\/repricer\\\/\",\"https:\\\/\\\/www.youtube.com\\\/channel\\\/UC_pT73zbB2TIA-jS12y93fA\"]},{\"@type\":\"Person\",\"@id\":\"https:\\\/\\\/www.repricer.com\\\/fr\\\/#\\\/schema\\\/person\\\/88304ef5ce0e853c5db2513a73b9ff04\",\"name\":\"Ronan White\",\"description\":\"SEO and content marketing executive at Repricer. Loves cycling, cinema, a few beers and all things outdoors.\",\"sameAs\":[\"hayley\"],\"url\":\"https:\\\/\\\/www.repricer.com\\\/fr\\\/blog\\\/author\\\/ronanwhite\\\/\"}]}<\/script>\n<!-- \/ Yoast SEO Premium plugin. -->","yoast_head_json":{"title":"Amazon Belgium rejoint la place de march\u00e9 | Repricer","description":"Amazon Belgique a \u00e9t\u00e9 annonc\u00e9 et cette nouvelle place de march\u00e9 peut \u00eatre un tr\u00e9sor d'opportunit\u00e9s pour les vendeurs en ligne.","robots":{"index":"index","follow":"follow","max-snippet":"max-snippet:-1","max-image-preview":"max-image-preview:large","max-video-preview":"max-video-preview:-1"},"canonical":"https:\/\/www.repricer.com\/fr\/blog\/amazon-belgium-la-21e-place-de-marche-damazon\/","og_locale":"fr_FR","og_type":"article","og_title":"Amazon Belgium - La 21e place de march\u00e9 d'Amazon","og_description":"Amazon Belgique a \u00e9t\u00e9 annonc\u00e9 et cette nouvelle place de march\u00e9 peut \u00eatre un tr\u00e9sor d'opportunit\u00e9s pour les vendeurs en ligne.","og_url":"https:\/\/www.repricer.com\/fr\/blog\/amazon-belgium-la-21e-place-de-marche-damazon\/","og_site_name":"The Fastest Amazon Repricer | Repricer.com","article_publisher":"https:\/\/www.facebook.com\/repricer","article_published_time":"2022-07-28T12:20:35+00:00","article_modified_time":"2025-03-03T16:49:58+00:00","og_image":[{"width":1440,"height":810,"url":"https:\/\/www.repricer.com\/wp-content\/uploads\/2022\/07\/amazon-belgium.png","type":"image\/png"}],"author":"Ronan White","twitter_card":"summary_large_image","twitter_creator":"@repricer","twitter_site":"@repricer","twitter_misc":{"\u00c9crit par":"Ronan White","Dur\u00e9e de lecture estim\u00e9e":"2 minutes"},"schema":{"@context":"https:\/\/schema.org","@graph":[{"@type":"Article","@id":"https:\/\/www.repricer.com\/fr\/blog\/amazon-belgium-la-21e-place-de-marche-damazon\/#article","isPartOf":{"@id":"https:\/\/www.repricer.com\/fr\/blog\/amazon-belgium-la-21e-place-de-marche-damazon\/"},"author":{"name":"Ronan White","@id":"https:\/\/www.repricer.com\/fr\/#\/schema\/person\/88304ef5ce0e853c5db2513a73b9ff04"},"headline":"Amazon Belgium &#8211; La 21e place de march\u00e9 d&rsquo;Amazon","datePublished":"2022-07-28T12:20:35+00:00","dateModified":"2025-03-03T16:49:58+00:00","mainEntityOfPage":{"@id":"https:\/\/www.repricer.com\/fr\/blog\/amazon-belgium-la-21e-place-de-marche-damazon\/"},"wordCount":484,"publisher":{"@id":"https:\/\/www.repricer.com\/fr\/#organization"},"image":{"@id":"https:\/\/www.repricer.com\/fr\/blog\/amazon-belgium-la-21e-place-de-marche-damazon\/#primaryimage"},"thumbnailUrl":"https:\/\/www.repricer.com\/wp-content\/uploads\/2022\/07\/amazon-belgium.png","articleSection":["Amazon","Nouvelles","Place du march\u00e9"],"inLanguage":"fr-FR"},{"@type":"WebPage","@id":"https:\/\/www.repricer.com\/fr\/blog\/amazon-belgium-la-21e-place-de-marche-damazon\/","url":"https:\/\/www.repricer.com\/fr\/blog\/amazon-belgium-la-21e-place-de-marche-damazon\/","name":"Amazon Belgium rejoint la place de march\u00e9 | Repricer","isPartOf":{"@id":"https:\/\/www.repricer.com\/fr\/#website"},"primaryImageOfPage":{"@id":"https:\/\/www.repricer.com\/fr\/blog\/amazon-belgium-la-21e-place-de-marche-damazon\/#primaryimage"},"image":{"@id":"https:\/\/www.repricer.com\/fr\/blog\/amazon-belgium-la-21e-place-de-marche-damazon\/#primaryimage"},"thumbnailUrl":"https:\/\/www.repricer.com\/wp-content\/uploads\/2022\/07\/amazon-belgium.png","datePublished":"2022-07-28T12:20:35+00:00","dateModified":"2025-03-03T16:49:58+00:00","description":"Amazon Belgique a \u00e9t\u00e9 annonc\u00e9 et cette nouvelle place de march\u00e9 peut \u00eatre un tr\u00e9sor d'opportunit\u00e9s pour les vendeurs en ligne.","breadcrumb":{"@id":"https:\/\/www.repricer.com\/fr\/blog\/amazon-belgium-la-21e-place-de-marche-damazon\/#breadcrumb"},"inLanguage":"fr-FR","potentialAction":[{"@type":"ReadAction","target":["https:\/\/www.repricer.com\/fr\/blog\/amazon-belgium-la-21e-place-de-marche-damazon\/"]}]},{"@type":"ImageObject","inLanguage":"fr-FR","@id":"https:\/\/www.repricer.com\/fr\/blog\/amazon-belgium-la-21e-place-de-marche-damazon\/#primaryimage","url":"https:\/\/www.repricer.com\/wp-content\/uploads\/2022\/07\/amazon-belgium.png","contentUrl":"https:\/\/www.repricer.com\/wp-content\/uploads\/2022\/07\/amazon-belgium.png","width":1440,"height":810,"caption":"amazon belgium"},{"@type":"BreadcrumbList","@id":"https:\/\/www.repricer.com\/fr\/blog\/amazon-belgium-la-21e-place-de-marche-damazon\/#breadcrumb","itemListElement":[{"@type":"ListItem","position":1,"name":"Home","item":"https:\/\/www.repricer.com\/fr\/home-2\/"},{"@type":"ListItem","position":2,"name":"Amazon Belgium &#8211; La 21e place de march\u00e9 d&#8217;Amazon"}]},{"@type":"WebSite","@id":"https:\/\/www.repricer.com\/fr\/#website","url":"https:\/\/www.repricer.com\/fr\/","name":"The Fastest Amazon Repricer | Repricer.com","description":"Faites de Repricer.com votre centre de tarification unique en connectant tous vos canaux de vente, y compris Amazon, eBay, Walmart, Shopify et plus encore.","publisher":{"@id":"https:\/\/www.repricer.com\/fr\/#organization"},"potentialAction":[{"@type":"SearchAction","target":{"@type":"EntryPoint","urlTemplate":"https:\/\/www.repricer.com\/fr\/?s={search_term_string}"},"query-input":{"@type":"PropertyValueSpecification","valueRequired":true,"valueName":"search_term_string"}}],"inLanguage":"fr-FR"},{"@type":"Organization","@id":"https:\/\/www.repricer.com\/fr\/#organization","name":"Repricer.com","url":"https:\/\/www.repricer.com\/fr\/","logo":{"@type":"ImageObject","inLanguage":"fr-FR","@id":"https:\/\/www.repricer.com\/fr\/#\/schema\/logo\/image\/","url":"https:\/\/www.repricer.com\/wp-content\/uploads\/2022\/01\/updated-repricer-logo-black.png","contentUrl":"https:\/\/www.repricer.com\/wp-content\/uploads\/2022\/01\/updated-repricer-logo-black.png","width":481,"height":83,"caption":"Repricer.com"},"image":{"@id":"https:\/\/www.repricer.com\/fr\/#\/schema\/logo\/image\/"},"sameAs":["https:\/\/www.facebook.com\/repricer","https:\/\/x.com\/repricer","https:\/\/www.instagram.com\/repricer\/","https:\/\/www.youtube.com\/channel\/UC_pT73zbB2TIA-jS12y93fA"]},{"@type":"Person","@id":"https:\/\/www.repricer.com\/fr\/#\/schema\/person\/88304ef5ce0e853c5db2513a73b9ff04","name":"Ronan White","description":"SEO and content marketing executive at Repricer. Loves cycling, cinema, a few beers and all things outdoors.","sameAs":["hayley"],"url":"https:\/\/www.repricer.com\/fr\/blog\/author\/ronanwhite\/"}]}},"_links":{"self":[{"href":"https:\/\/www.repricer.com\/fr\/wp-json\/wp\/v2\/posts\/36797","targetHints":{"allow":["GET"]}}],"collection":[{"href":"https:\/\/www.repricer.com\/fr\/wp-json\/wp\/v2\/posts"}],"about":[{"href":"https:\/\/www.repricer.com\/fr\/wp-json\/wp\/v2\/types\/post"}],"author":[{"embeddable":true,"href":"https:\/\/www.repricer.com\/fr\/wp-json\/wp\/v2\/users\/34"}],"replies":[{"embeddable":true,"href":"https:\/\/www.repricer.com\/fr\/wp-json\/wp\/v2\/comments?post=36797"}],"version-history":[{"count":1,"href":"https:\/\/www.repricer.com\/fr\/wp-json\/wp\/v2\/posts\/36797\/revisions"}],"predecessor-version":[{"id":36798,"href":"https:\/\/www.repricer.com\/fr\/wp-json\/wp\/v2\/posts\/36797\/revisions\/36798"}],"wp:featuredmedia":[{"embeddable":true,"href":"https:\/\/www.repricer.com\/fr\/wp-json\/wp\/v2\/media\/7502"}],"wp:attachment":[{"href":"https:\/\/www.repricer.com\/fr\/wp-json\/wp\/v2\/media?parent=36797"}],"wp:term":[{"taxonomy":"category","embeddable":true,"href":"https:\/\/www.repricer.com\/fr\/wp-json\/wp\/v2\/categories?post=36797"},{"taxonomy":"post_tag","embeddable":true,"href":"https:\/\/www.repricer.com\/fr\/wp-json\/wp\/v2\/tags?post=36797"}],"curies":[{"name":"wp","href":"https:\/\/api.w.org\/{rel}","templated":true}]}}