{"id":36628,"date":"2022-07-28T12:20:35","date_gmt":"2022-07-28T12:20:35","guid":{"rendered":"https:\/\/www.repricer.com\/blog\/amazon-belgio-il-21-mercato-amazon\/"},"modified":"2025-03-03T16:48:35","modified_gmt":"2025-03-03T16:48:35","slug":"amazon-belgio-il-21-mercato-amazon","status":"publish","type":"post","link":"https:\/\/www.repricer.com\/it\/blog\/amazon-belgio-il-21-mercato-amazon\/","title":{"rendered":"Amazon Belgio &#8211; Il 21\u00b0 mercato Amazon"},"content":{"rendered":"\n<p>Amazon ha appena annunciato l&#8217;intenzione di aprire le sue porte virtuali in Belgio con il suo mercato dedicato, Amazon.com.be. Sembra che ci siano stati problemi nell&#8217;ottenere l&#8217;indirizzo Amazon.be, occupato da anni da una compagnia di assicurazioni belga. Tuttavia, Amazon.com.be \u00e8 qui e presto sar\u00e0 pronto per il mercato belga.  <\/p>\n\n<h2 class=\"wp-block-heading\" id=\"h-when-will-this-happen\">Quando accadr\u00e0?<\/h2>\n\n<p>Ufficialmente, <a href=\"https:\/\/www.aboutamazon.eu\/news\/job-creation-and-investment\/amazon-announces-plans-to-launch-amazon-com-be-in-the-coming-months\" target=\"_blank\" rel=\"noreferrer noopener\">Amazon<\/a> ha dichiarato che Amazon Belgium sar\u00e0 lanciato nei prossimi mesi. Tuttavia, i documenti trapelati che <a href=\"https:\/\/www.businessinsider.com\/amazon-to-expand-into-5-countries-by-early-next-year-2022-6?international=true&amp;r=US&amp;IR=T\" target=\"_blank\" rel=\"noreferrer noopener\">Business Insider<\/a> ha raccolto dicono che il marketplace sar\u00e0 lanciato a settembre. <\/p>\n\n<h3 class=\"wp-block-heading\">Espansione in Belgio<\/h3>\n\n<p>All&#8217;inizio dell&#8217;anno Amazon ha anche annunciato che il Belgio avr\u00e0 un proprio centro logistico con sede ad Anversa. La costruzione di questo centro \u00e8 prevista entro la fine del 2022. Attualmente Amazon utilizza corrieri locali in Belgio, ma ora, con l&#8217;annuncio del nuovo marketplace e del centro di adempimento previsto, sembra che l&#8217;azienda utilizzer\u00e0 una propria rete di spedizione.  <\/p>\n\n<p>Al momento del lancio sar\u00e0 disponibile anche Amazon Prime. I consumatori che attualmente sono iscritti a Prime nei paesi europei limitrofi potranno continuare a farlo attraverso Amazon Belgio. <\/p>\n\n<h2 class=\"wp-block-heading\">Cosa significa questo per i venditori?<\/h2>\n\n<p>Oltre ad amazon.com.be, Amazon ha creato anche <a href=\"https:\/\/sell.amazon.com.be\" target=\"_blank\" rel=\"noreferrer noopener\">sell.amazon.com.be<\/a> dove i partner venditori possono registrare la loro attivit\u00e0 per diventare venditori Amazon, sia che si tratti di FBA che di FBM.<\/p>\n\n<p>Fino a questo annuncio, gli acquirenti belgi dovevano acquistare i prodotti Amazon attraverso amazon.fr (Francia), amazon.de (Germania) e amazon.nl (Paesi Bassi). Nel 2021, questo ha rappresentato un totale di oltre <a href=\"https:\/\/www.statista.com\/forecasts\/1243322\/belgium-top-cross-border-online-stores-ecommercedb\" target=\"_blank\" rel=\"noreferrer noopener\"> 447 milioni di dollari<\/a> in tutti e tre i marketplace, che ora saranno molto probabilmente visibili su Amazon Belgio. <\/p>\n\n<h2 class=\"wp-block-heading\">Ulteriori piani<\/h2>\n\n<p>Amazon ha in atto un enorme piano di espansione: nel 2023, l&#8217;azienda prevede di espandersi in altri 4 paesi: Cile, Colombia, Nigeria e Sudafrica.  <\/p>\n\n<p>Il gigante dell&#8217;e-commerce continua a crescere e si prevede che i ricavi <a href=\"https:\/\/www.spglobal.com\/marketintelligence\/en\/news-insights\/latest-news-headlines\/amazon-could-see-revenue-more-than-double-by-2025-as-retail-business-grows-62718086\" target=\"_blank\" rel=\"noreferrer noopener\">raddoppieranno<\/a> entro il 2025, quindi se stai pensando di aprire un&#8217;attivit\u00e0 su Amazon o se sei gi\u00e0 un veterano delle vendite su Amazon, \u00e8 il momento di approfittare di questa incredibile opportunit\u00e0.<\/p>\n\n<p>L&#8217;utilizzo di un repricer automatico garantisce che i prezzi dei tuoi prodotti possano competere per ottenere un posizionamento di ricerca pi\u00f9 alto &#8211; e la Buy Box! &#8211; sempre e comunque. Per essere pi\u00f9 avanti della concorrenza e ottenere un vantaggio competitivo, <a src=\"\/\">iscriviti oggi stesso per la tua prova gratuita<\/a>.  <\/p>\n<aside id=\"custom_html-11\" class=\"widget_text widget_custom_html amr_widget \"><div class=\"textwidget custom-html-widget\"><div>\r\n\t\r\n\t<a href=\"https:\/\/www.repricer.com\/wp-content\/uploads\/2025\/05\/Blog-Ad-Version-03.png\"><img fetchpriority=\"high\" decoding=\"async\" class=\"aligncenter wp-image-3001 size-large\" src=\"https:\/\/www.repricer.com\/wp-content\/uploads\/2025\/05\/Blog-Ad-Version-03.png\" alt=\"Repricer free trial\" width=\"1024\" height=\"440\" \/><\/a>\r\n\t\r\n\t<\/div><\/div><\/aside>\n","protected":false},"excerpt":{"rendered":"<p>Amazon ha appena annunciato l&#8217;intenzione di aprire le sue porte virtuali in Belgio con il suo mercato dedicato, Amazon.com.be. Sembra che ci siano stati problemi nell&#8217;ottenere l&#8217;indirizzo Amazon.be, occupato da anni da una compagnia di assicurazioni belga. Tuttavia, Amazon.com.be \u00e8 qui e presto sar\u00e0 pronto per il mercato belga. Quando accadr\u00e0? Ufficialmente, Amazon ha dichiarato [&hellip;]<\/p>\n","protected":false},"author":34,"featured_media":7504,"comment_status":"closed","ping_status":"closed","sticky":false,"template":"","format":"standard","meta":{"inline_featured_image":false,"footnotes":""},"categories":[104,186,177],"tags":[],"class_list":["post-36628","post","type-post","status-publish","format-standard","has-post-thumbnail","hentry","category-amazon-it","category-mercato","category-notizie"],"yoast_head":"<!-- This site is optimized with the Yoast SEO Premium plugin v27.4 (Yoast SEO v27.4) - https:\/\/yoast.com\/product\/yoast-seo-premium-wordpress\/ -->\n<title>Amazon Belgio si unisce al Marketplace | Repricer<\/title>\n<meta name=\"description\" content=\"Amazon Belgio \u00e8 stato annunciato e questo nuovo mercato pu\u00f2 essere un tesoro di opportunit\u00e0 per i venditori online.\" \/>\n<meta name=\"robots\" content=\"index, follow, max-snippet:-1, max-image-preview:large, max-video-preview:-1\" \/>\n<link rel=\"canonical\" href=\"https:\/\/www.repricer.com\/it\/blog\/amazon-belgio-il-21-mercato-amazon\/\" \/>\n<meta property=\"og:locale\" content=\"it_IT\" \/>\n<meta property=\"og:type\" content=\"article\" \/>\n<meta property=\"og:title\" content=\"Amazon Belgio - Il 21\u00b0 mercato Amazon\" \/>\n<meta property=\"og:description\" content=\"Amazon Belgio \u00e8 stato annunciato e questo nuovo mercato pu\u00f2 essere un tesoro di opportunit\u00e0 per i venditori online.\" \/>\n<meta property=\"og:url\" content=\"https:\/\/www.repricer.com\/it\/blog\/amazon-belgio-il-21-mercato-amazon\/\" \/>\n<meta property=\"og:site_name\" content=\"The Fastest Amazon Repricer | Repricer.com\" \/>\n<meta property=\"article:publisher\" content=\"https:\/\/www.facebook.com\/repricer\" \/>\n<meta property=\"article:published_time\" content=\"2022-07-28T12:20:35+00:00\" \/>\n<meta property=\"article:modified_time\" content=\"2025-03-03T16:48:35+00:00\" \/>\n<meta property=\"og:image\" content=\"https:\/\/www.repricer.com\/wp-content\/uploads\/2022\/07\/amazon-belgium.png\" \/>\n\t<meta property=\"og:image:width\" content=\"1440\" \/>\n\t<meta property=\"og:image:height\" content=\"810\" \/>\n\t<meta property=\"og:image:type\" content=\"image\/png\" \/>\n<meta name=\"author\" content=\"Ronan White\" \/>\n<meta name=\"twitter:card\" content=\"summary_large_image\" \/>\n<meta name=\"twitter:creator\" content=\"@repricer\" \/>\n<meta name=\"twitter:site\" content=\"@repricer\" \/>\n<meta name=\"twitter:label1\" content=\"Scritto da\" \/>\n\t<meta name=\"twitter:data1\" content=\"Ronan White\" \/>\n\t<meta name=\"twitter:label2\" content=\"Tempo di lettura stimato\" \/>\n\t<meta name=\"twitter:data2\" content=\"2 minuti\" \/>\n<script type=\"application\/ld+json\" class=\"yoast-schema-graph\">{\"@context\":\"https:\\\/\\\/schema.org\",\"@graph\":[{\"@type\":\"Article\",\"@id\":\"https:\\\/\\\/www.repricer.com\\\/it\\\/blog\\\/amazon-belgio-il-21-mercato-amazon\\\/#article\",\"isPartOf\":{\"@id\":\"https:\\\/\\\/www.repricer.com\\\/it\\\/blog\\\/amazon-belgio-il-21-mercato-amazon\\\/\"},\"author\":{\"name\":\"Ronan White\",\"@id\":\"https:\\\/\\\/www.repricer.com\\\/it\\\/#\\\/schema\\\/person\\\/88304ef5ce0e853c5db2513a73b9ff04\"},\"headline\":\"Amazon Belgio &#8211; Il 21\u00b0 mercato Amazon\",\"datePublished\":\"2022-07-28T12:20:35+00:00\",\"dateModified\":\"2025-03-03T16:48:35+00:00\",\"mainEntityOfPage\":{\"@id\":\"https:\\\/\\\/www.repricer.com\\\/it\\\/blog\\\/amazon-belgio-il-21-mercato-amazon\\\/\"},\"wordCount\":401,\"publisher\":{\"@id\":\"https:\\\/\\\/www.repricer.com\\\/it\\\/#organization\"},\"image\":{\"@id\":\"https:\\\/\\\/www.repricer.com\\\/it\\\/blog\\\/amazon-belgio-il-21-mercato-amazon\\\/#primaryimage\"},\"thumbnailUrl\":\"https:\\\/\\\/www.repricer.com\\\/wp-content\\\/uploads\\\/2022\\\/07\\\/amazon-belgium.png\",\"articleSection\":[\"Amazon\",\"Mercato\",\"Notizie\"],\"inLanguage\":\"it-IT\"},{\"@type\":\"WebPage\",\"@id\":\"https:\\\/\\\/www.repricer.com\\\/it\\\/blog\\\/amazon-belgio-il-21-mercato-amazon\\\/\",\"url\":\"https:\\\/\\\/www.repricer.com\\\/it\\\/blog\\\/amazon-belgio-il-21-mercato-amazon\\\/\",\"name\":\"Amazon Belgio si unisce al Marketplace | Repricer\",\"isPartOf\":{\"@id\":\"https:\\\/\\\/www.repricer.com\\\/it\\\/#website\"},\"primaryImageOfPage\":{\"@id\":\"https:\\\/\\\/www.repricer.com\\\/it\\\/blog\\\/amazon-belgio-il-21-mercato-amazon\\\/#primaryimage\"},\"image\":{\"@id\":\"https:\\\/\\\/www.repricer.com\\\/it\\\/blog\\\/amazon-belgio-il-21-mercato-amazon\\\/#primaryimage\"},\"thumbnailUrl\":\"https:\\\/\\\/www.repricer.com\\\/wp-content\\\/uploads\\\/2022\\\/07\\\/amazon-belgium.png\",\"datePublished\":\"2022-07-28T12:20:35+00:00\",\"dateModified\":\"2025-03-03T16:48:35+00:00\",\"description\":\"Amazon Belgio \u00e8 stato annunciato e questo nuovo mercato pu\u00f2 essere un tesoro di opportunit\u00e0 per i venditori online.\",\"breadcrumb\":{\"@id\":\"https:\\\/\\\/www.repricer.com\\\/it\\\/blog\\\/amazon-belgio-il-21-mercato-amazon\\\/#breadcrumb\"},\"inLanguage\":\"it-IT\",\"potentialAction\":[{\"@type\":\"ReadAction\",\"target\":[\"https:\\\/\\\/www.repricer.com\\\/it\\\/blog\\\/amazon-belgio-il-21-mercato-amazon\\\/\"]}]},{\"@type\":\"ImageObject\",\"inLanguage\":\"it-IT\",\"@id\":\"https:\\\/\\\/www.repricer.com\\\/it\\\/blog\\\/amazon-belgio-il-21-mercato-amazon\\\/#primaryimage\",\"url\":\"https:\\\/\\\/www.repricer.com\\\/wp-content\\\/uploads\\\/2022\\\/07\\\/amazon-belgium.png\",\"contentUrl\":\"https:\\\/\\\/www.repricer.com\\\/wp-content\\\/uploads\\\/2022\\\/07\\\/amazon-belgium.png\",\"width\":1440,\"height\":810,\"caption\":\"amazon belgium\"},{\"@type\":\"BreadcrumbList\",\"@id\":\"https:\\\/\\\/www.repricer.com\\\/it\\\/blog\\\/amazon-belgio-il-21-mercato-amazon\\\/#breadcrumb\",\"itemListElement\":[{\"@type\":\"ListItem\",\"position\":1,\"name\":\"Home\",\"item\":\"https:\\\/\\\/www.repricer.com\\\/it\\\/casa-2\\\/\"},{\"@type\":\"ListItem\",\"position\":2,\"name\":\"Amazon Belgio &#8211; Il 21\u00b0 mercato Amazon\"}]},{\"@type\":\"WebSite\",\"@id\":\"https:\\\/\\\/www.repricer.com\\\/it\\\/#website\",\"url\":\"https:\\\/\\\/www.repricer.com\\\/it\\\/\",\"name\":\"The Fastest Amazon Repricer | Repricer.com\",\"description\":\"Fai di Repricer.com il tuo hub di prezzi unico collegando tutti i tuoi canali di vendita, compresi Amazon, eBay, Walmart, Shopify e altri.\",\"publisher\":{\"@id\":\"https:\\\/\\\/www.repricer.com\\\/it\\\/#organization\"},\"potentialAction\":[{\"@type\":\"SearchAction\",\"target\":{\"@type\":\"EntryPoint\",\"urlTemplate\":\"https:\\\/\\\/www.repricer.com\\\/it\\\/?s={search_term_string}\"},\"query-input\":{\"@type\":\"PropertyValueSpecification\",\"valueRequired\":true,\"valueName\":\"search_term_string\"}}],\"inLanguage\":\"it-IT\"},{\"@type\":\"Organization\",\"@id\":\"https:\\\/\\\/www.repricer.com\\\/it\\\/#organization\",\"name\":\"Repricer.com\",\"url\":\"https:\\\/\\\/www.repricer.com\\\/it\\\/\",\"logo\":{\"@type\":\"ImageObject\",\"inLanguage\":\"it-IT\",\"@id\":\"https:\\\/\\\/www.repricer.com\\\/it\\\/#\\\/schema\\\/logo\\\/image\\\/\",\"url\":\"https:\\\/\\\/www.repricer.com\\\/wp-content\\\/uploads\\\/2022\\\/01\\\/updated-repricer-logo-black.png\",\"contentUrl\":\"https:\\\/\\\/www.repricer.com\\\/wp-content\\\/uploads\\\/2022\\\/01\\\/updated-repricer-logo-black.png\",\"width\":481,\"height\":83,\"caption\":\"Repricer.com\"},\"image\":{\"@id\":\"https:\\\/\\\/www.repricer.com\\\/it\\\/#\\\/schema\\\/logo\\\/image\\\/\"},\"sameAs\":[\"https:\\\/\\\/www.facebook.com\\\/repricer\",\"https:\\\/\\\/x.com\\\/repricer\",\"https:\\\/\\\/www.instagram.com\\\/repricer\\\/\",\"https:\\\/\\\/www.youtube.com\\\/channel\\\/UC_pT73zbB2TIA-jS12y93fA\"]},{\"@type\":\"Person\",\"@id\":\"https:\\\/\\\/www.repricer.com\\\/it\\\/#\\\/schema\\\/person\\\/88304ef5ce0e853c5db2513a73b9ff04\",\"name\":\"Ronan White\",\"description\":\"SEO and content marketing executive at Repricer. Loves cycling, cinema, a few beers and all things outdoors.\",\"sameAs\":[\"hayley\"],\"url\":\"https:\\\/\\\/www.repricer.com\\\/it\\\/blog\\\/author\\\/ronanwhite\\\/\"}]}<\/script>\n<!-- \/ Yoast SEO Premium plugin. -->","yoast_head_json":{"title":"Amazon Belgio si unisce al Marketplace | Repricer","description":"Amazon Belgio \u00e8 stato annunciato e questo nuovo mercato pu\u00f2 essere un tesoro di opportunit\u00e0 per i venditori online.","robots":{"index":"index","follow":"follow","max-snippet":"max-snippet:-1","max-image-preview":"max-image-preview:large","max-video-preview":"max-video-preview:-1"},"canonical":"https:\/\/www.repricer.com\/it\/blog\/amazon-belgio-il-21-mercato-amazon\/","og_locale":"it_IT","og_type":"article","og_title":"Amazon Belgio - Il 21\u00b0 mercato Amazon","og_description":"Amazon Belgio \u00e8 stato annunciato e questo nuovo mercato pu\u00f2 essere un tesoro di opportunit\u00e0 per i venditori online.","og_url":"https:\/\/www.repricer.com\/it\/blog\/amazon-belgio-il-21-mercato-amazon\/","og_site_name":"The Fastest Amazon Repricer | Repricer.com","article_publisher":"https:\/\/www.facebook.com\/repricer","article_published_time":"2022-07-28T12:20:35+00:00","article_modified_time":"2025-03-03T16:48:35+00:00","og_image":[{"width":1440,"height":810,"url":"https:\/\/www.repricer.com\/wp-content\/uploads\/2022\/07\/amazon-belgium.png","type":"image\/png"}],"author":"Ronan White","twitter_card":"summary_large_image","twitter_creator":"@repricer","twitter_site":"@repricer","twitter_misc":{"Scritto da":"Ronan White","Tempo di lettura stimato":"2 minuti"},"schema":{"@context":"https:\/\/schema.org","@graph":[{"@type":"Article","@id":"https:\/\/www.repricer.com\/it\/blog\/amazon-belgio-il-21-mercato-amazon\/#article","isPartOf":{"@id":"https:\/\/www.repricer.com\/it\/blog\/amazon-belgio-il-21-mercato-amazon\/"},"author":{"name":"Ronan White","@id":"https:\/\/www.repricer.com\/it\/#\/schema\/person\/88304ef5ce0e853c5db2513a73b9ff04"},"headline":"Amazon Belgio &#8211; Il 21\u00b0 mercato Amazon","datePublished":"2022-07-28T12:20:35+00:00","dateModified":"2025-03-03T16:48:35+00:00","mainEntityOfPage":{"@id":"https:\/\/www.repricer.com\/it\/blog\/amazon-belgio-il-21-mercato-amazon\/"},"wordCount":401,"publisher":{"@id":"https:\/\/www.repricer.com\/it\/#organization"},"image":{"@id":"https:\/\/www.repricer.com\/it\/blog\/amazon-belgio-il-21-mercato-amazon\/#primaryimage"},"thumbnailUrl":"https:\/\/www.repricer.com\/wp-content\/uploads\/2022\/07\/amazon-belgium.png","articleSection":["Amazon","Mercato","Notizie"],"inLanguage":"it-IT"},{"@type":"WebPage","@id":"https:\/\/www.repricer.com\/it\/blog\/amazon-belgio-il-21-mercato-amazon\/","url":"https:\/\/www.repricer.com\/it\/blog\/amazon-belgio-il-21-mercato-amazon\/","name":"Amazon Belgio si unisce al Marketplace | Repricer","isPartOf":{"@id":"https:\/\/www.repricer.com\/it\/#website"},"primaryImageOfPage":{"@id":"https:\/\/www.repricer.com\/it\/blog\/amazon-belgio-il-21-mercato-amazon\/#primaryimage"},"image":{"@id":"https:\/\/www.repricer.com\/it\/blog\/amazon-belgio-il-21-mercato-amazon\/#primaryimage"},"thumbnailUrl":"https:\/\/www.repricer.com\/wp-content\/uploads\/2022\/07\/amazon-belgium.png","datePublished":"2022-07-28T12:20:35+00:00","dateModified":"2025-03-03T16:48:35+00:00","description":"Amazon Belgio \u00e8 stato annunciato e questo nuovo mercato pu\u00f2 essere un tesoro di opportunit\u00e0 per i venditori online.","breadcrumb":{"@id":"https:\/\/www.repricer.com\/it\/blog\/amazon-belgio-il-21-mercato-amazon\/#breadcrumb"},"inLanguage":"it-IT","potentialAction":[{"@type":"ReadAction","target":["https:\/\/www.repricer.com\/it\/blog\/amazon-belgio-il-21-mercato-amazon\/"]}]},{"@type":"ImageObject","inLanguage":"it-IT","@id":"https:\/\/www.repricer.com\/it\/blog\/amazon-belgio-il-21-mercato-amazon\/#primaryimage","url":"https:\/\/www.repricer.com\/wp-content\/uploads\/2022\/07\/amazon-belgium.png","contentUrl":"https:\/\/www.repricer.com\/wp-content\/uploads\/2022\/07\/amazon-belgium.png","width":1440,"height":810,"caption":"amazon belgium"},{"@type":"BreadcrumbList","@id":"https:\/\/www.repricer.com\/it\/blog\/amazon-belgio-il-21-mercato-amazon\/#breadcrumb","itemListElement":[{"@type":"ListItem","position":1,"name":"Home","item":"https:\/\/www.repricer.com\/it\/casa-2\/"},{"@type":"ListItem","position":2,"name":"Amazon Belgio &#8211; Il 21\u00b0 mercato Amazon"}]},{"@type":"WebSite","@id":"https:\/\/www.repricer.com\/it\/#website","url":"https:\/\/www.repricer.com\/it\/","name":"The Fastest Amazon Repricer | Repricer.com","description":"Fai di Repricer.com il tuo hub di prezzi unico collegando tutti i tuoi canali di vendita, compresi Amazon, eBay, Walmart, Shopify e altri.","publisher":{"@id":"https:\/\/www.repricer.com\/it\/#organization"},"potentialAction":[{"@type":"SearchAction","target":{"@type":"EntryPoint","urlTemplate":"https:\/\/www.repricer.com\/it\/?s={search_term_string}"},"query-input":{"@type":"PropertyValueSpecification","valueRequired":true,"valueName":"search_term_string"}}],"inLanguage":"it-IT"},{"@type":"Organization","@id":"https:\/\/www.repricer.com\/it\/#organization","name":"Repricer.com","url":"https:\/\/www.repricer.com\/it\/","logo":{"@type":"ImageObject","inLanguage":"it-IT","@id":"https:\/\/www.repricer.com\/it\/#\/schema\/logo\/image\/","url":"https:\/\/www.repricer.com\/wp-content\/uploads\/2022\/01\/updated-repricer-logo-black.png","contentUrl":"https:\/\/www.repricer.com\/wp-content\/uploads\/2022\/01\/updated-repricer-logo-black.png","width":481,"height":83,"caption":"Repricer.com"},"image":{"@id":"https:\/\/www.repricer.com\/it\/#\/schema\/logo\/image\/"},"sameAs":["https:\/\/www.facebook.com\/repricer","https:\/\/x.com\/repricer","https:\/\/www.instagram.com\/repricer\/","https:\/\/www.youtube.com\/channel\/UC_pT73zbB2TIA-jS12y93fA"]},{"@type":"Person","@id":"https:\/\/www.repricer.com\/it\/#\/schema\/person\/88304ef5ce0e853c5db2513a73b9ff04","name":"Ronan White","description":"SEO and content marketing executive at Repricer. Loves cycling, cinema, a few beers and all things outdoors.","sameAs":["hayley"],"url":"https:\/\/www.repricer.com\/it\/blog\/author\/ronanwhite\/"}]}},"_links":{"self":[{"href":"https:\/\/www.repricer.com\/it\/wp-json\/wp\/v2\/posts\/36628","targetHints":{"allow":["GET"]}}],"collection":[{"href":"https:\/\/www.repricer.com\/it\/wp-json\/wp\/v2\/posts"}],"about":[{"href":"https:\/\/www.repricer.com\/it\/wp-json\/wp\/v2\/types\/post"}],"author":[{"embeddable":true,"href":"https:\/\/www.repricer.com\/it\/wp-json\/wp\/v2\/users\/34"}],"replies":[{"embeddable":true,"href":"https:\/\/www.repricer.com\/it\/wp-json\/wp\/v2\/comments?post=36628"}],"version-history":[{"count":1,"href":"https:\/\/www.repricer.com\/it\/wp-json\/wp\/v2\/posts\/36628\/revisions"}],"predecessor-version":[{"id":36630,"href":"https:\/\/www.repricer.com\/it\/wp-json\/wp\/v2\/posts\/36628\/revisions\/36630"}],"wp:featuredmedia":[{"embeddable":true,"href":"https:\/\/www.repricer.com\/it\/wp-json\/wp\/v2\/media\/7504"}],"wp:attachment":[{"href":"https:\/\/www.repricer.com\/it\/wp-json\/wp\/v2\/media?parent=36628"}],"wp:term":[{"taxonomy":"category","embeddable":true,"href":"https:\/\/www.repricer.com\/it\/wp-json\/wp\/v2\/categories?post=36628"},{"taxonomy":"post_tag","embeddable":true,"href":"https:\/\/www.repricer.com\/it\/wp-json\/wp\/v2\/tags?post=36628"}],"curies":[{"name":"wp","href":"https:\/\/api.w.org\/{rel}","templated":true}]}}